{"id":569,"date":"2015-04-15T17:31:54","date_gmt":"2015-04-15T17:31:54","guid":{"rendered":"https:\/\/swissfashiontv.ch\/?p=569"},"modified":"2015-05-02T14:14:30","modified_gmt":"2015-05-02T14:14:30","slug":"giro-di-vita-per-le-modelle-troppo-magre","status":"publish","type":"post","link":"https:\/\/swissfashiontv.ch\/de_DE\/giro-di-vita-per-le-modelle-troppo-magre\/","title":{"rendered":"Taillenweite der mageren Models"},"content":{"rendered":"<p>Zu mager? Kein Defilee<\/p>\n<p>Paris \u2013 Je mehr Jahre vergehen, je mehr man dar\u00fcber spricht und trotz der guten Vors\u00e4tze,\u00a0 Sensibilisierungskampagnien und gutem Zureden vieler Designer, war die extreme Magerkeit vieler Mannequins , ausser der Sch\u00f6nheit der Kleider, das Hauptthema w\u00e4hrend der Modewochen.<\/p>\n<p>Aber jetzt sagt Frankreich Schluss damit.<\/p>\n<p><a href=\"https:\/\/swissfashiontv.ch\/wp-content\/uploads\/2015\/04\/modelle-magre.jpg\"><img decoding=\"async\" loading=\"lazy\" class=\"aligncenter wp-image-570 size-full\" src=\"https:\/\/swissfashiontv.ch\/wp-content\/uploads\/2015\/04\/modelle-magre.jpg\" alt=\"modelle magre\" width=\"311\" height=\"520\" srcset=\"https:\/\/swissfashiontv.ch\/wp-content\/uploads\/2015\/04\/modelle-magre.jpg 311w, https:\/\/swissfashiontv.ch\/wp-content\/uploads\/2015\/04\/modelle-magre-179x300.jpg 179w\" sizes=\"(max-width: 311px) 100vw, 311px\" \/><\/a><\/p>\n<p>\u00a0<\/p>\n<p>Der sozialistische, franz\u00f6sische\u00a0 Abgeordnete Olivier Veran, will\u00a0 diesem \u201elegalisierten Selbstmord\u201c nicht weiter zusehen und hat, unterst\u00fctzt durch den Gesundheitsminister, die Initiative ergriffen und will ein Gesetz gegen die Magersucht durchsetzen. Ab jetzt bestimmt der BMI (Body Mass Index, ein Index der K\u00f6rpermasse), der das Verh\u00e4ltnis der K\u00f6rpergr\u00f6sse zum Gewicht regelt, ob ein Model \u00a0an der Modenschau teilnehmen kann oder nicht. Der BMI eines jeden M\u00e4dchens muss auf einem, vom spezialisierten Arzt best\u00e4tigten, Zertifikat vermerkt sein, wenn der Index unter 18 (entsprechend einer Frau von 1,75 m und 55 Kilo) liegt, wird dem Model die Pr\u00e4sentation untersagt. Dar\u00fcberhinaus wird, bei Nichtbeachtung des Gesetzes, eine Strafe von 75 Tausend Euro und eine bis zu 6 Monaten dauerende Haftstrafe verh\u00e4ngt.<\/p>\n<p>Ausser dem \u201eDefileeverbot\u201c trifft das Gesetz auch die Webseiten, die zur Anorexie \u201eauffordern\u201c: ein im Internet weit verbreitetes, st\u00e4ndig wachsendes Ph\u00e4nomen.\u00a0 Die Seiten mit den Namen \u201epro-ana\u201c und \u201epro-mia\u201c (Bezeichnung f\u00fcr Anorexie und Bulimie) geben \u201eRatschl\u00e4ge\u201c, wie man noch magerer werden kann (das \u201eperfekte\u201c Gewicht, entsprechend einiger Quellen, liegt bei 35 Kilo K\u00f6rpergewicht).<\/p>\n<p>Selbstverst\u00e4ndlich ist \u201eSynam\u201c die nationale Gewerkschaft der Modelagenturen, die circa 40 Model vertritt, nicht einverstanden. &lt;&lt; Man kann ein solches Gesetz nicht verabschieden, dass sich nur auf Frankreich bezieht \u2013 liest man in der Pressemitteilung. Wir sind in einem st\u00e4ndigen Konkurrenzkampf mit anderen, internationalen Agenturen. Es fehlt eine europ\u00e4ische Norm.&gt;&gt;<\/p>\n<p><a href=\"https:\/\/swissfashiontv.ch\/wp-content\/uploads\/2015\/04\/modella-al-limite-dellanoressia.jpg\"><img decoding=\"async\" loading=\"lazy\" class=\"aligncenter wp-image-574 size-full\" src=\"https:\/\/swissfashiontv.ch\/wp-content\/uploads\/2015\/04\/modella-al-limite-dellanoressia.jpg\" alt=\"modella-al-limite-dellanoressia\" width=\"332\" height=\"500\" srcset=\"https:\/\/swissfashiontv.ch\/wp-content\/uploads\/2015\/04\/modella-al-limite-dellanoressia.jpg 332w, https:\/\/swissfashiontv.ch\/wp-content\/uploads\/2015\/04\/modella-al-limite-dellanoressia-199x300.jpg 199w\" sizes=\"(max-width: 332px) 100vw, 332px\" \/><\/a><\/p>\n<p>In einem Radiointerview von Rete Uno sagte der bekannte Modefotograf Franco Taranto, der auch Inhaber der Modelagentur New Faces Model Agency und das Topmodel Greta Varlese entdeckt hat:<\/p>\n<p>&lt;&lt;Dieses\u00a0 ist \u00a0ein\u00a0 sehr\u00a0 empfindliches Argument und ich halte es f\u00fcr richtig, dass nur die \u00c4rzte die entscheidende\u00a0 Hilfestellung bei der\u00a0 Probleml\u00f6sung geben k\u00f6nnen. In der Tat befinden wir uns in einer Epoche der extremen Magerkeit und es muss absolut etwas geschehen. Aber ich kann nicht sagen, dass die franz\u00f6sische Initiative, auch wenn sie verst\u00e4ndlich ist, der richtige Weg ist, dem Problem zu begegnen. Dieses strikte Verbot, sagt der Fotograf weiter, kann weitere gef\u00e4hrliche Alternativen nach sich ziehen, die das Problem verschieben, wenn es nicht an den Urspr\u00fcngen gel\u00f6st wird. Wahrscheinlich w\u00e4re ein ernster Dialog zwischen den Parteien der richtige Weg, um das Problem vollst\u00e4ndig zu verstehen und eine ausgewogenere L\u00f6sung zu finden.&gt;&gt;<\/p>\n<p>In der Zwischenzeit, aus Mangel an einer einheitlichen, gesetzlichen Regelung, arrangiert sich der Alte Kontinent so gut er kann.<\/p>\n<p>Fashion Editor: Cristina Mutterle<br \/> Ubersetzung von Lingue &amp; Piu, www.lingueepiu.ch<\/p>\n<p>Photo Credits: nanopress.it<\/p>\n<p>\u00a0<\/p>\n","protected":false},"excerpt":{"rendered":"<p>Zu mager? Kein Defilee<\/p>\n<p>Paris \u2013 Je mehr Jahre vergehen, je mehr man dar\u00fcber spricht und trotz der guten Vors\u00e4tze,\u00a0 Sensibilisierungskampagnien und gutem Zureden vieler Designer, war die extreme Magerkeit vieler Mannequins , ausser der Sch\u00f6nhe&#8230;<\/p>\n","protected":false},"author":3,"featured_media":578,"comment_status":"open","ping_status":"open","sticky":false,"template":"","format":"standard","meta":{"footnotes":""},"categories":[55],"tags":[96,82,10,98,97],"_links":{"self":[{"href":"https:\/\/swissfashiontv.ch\/de_DE\/wp-json\/wp\/v2\/posts\/569"}],"collection":[{"href":"https:\/\/swissfashiontv.ch\/de_DE\/wp-json\/wp\/v2\/posts"}],"about":[{"href":"https:\/\/swissfashiontv.ch\/de_DE\/wp-json\/wp\/v2\/types\/post"}],"author":[{"embeddable":true,"href":"https:\/\/swissfashiontv.ch\/de_DE\/wp-json\/wp\/v2\/users\/3"}],"replies":[{"embeddable":true,"href":"https:\/\/swissfashiontv.ch\/de_DE\/wp-json\/wp\/v2\/comments?post=569"}],"version-history":[{"count":13,"href":"https:\/\/swissfashiontv.ch\/de_DE\/wp-json\/wp\/v2\/posts\/569\/revisions"}],"predecessor-version":[{"id":703,"href":"https:\/\/swissfashiontv.ch\/de_DE\/wp-json\/wp\/v2\/posts\/569\/revisions\/703"}],"wp:featuredmedia":[{"embeddable":true,"href":"https:\/\/swissfashiontv.ch\/de_DE\/wp-json\/wp\/v2\/media\/578"}],"wp:attachment":[{"href":"https:\/\/swissfashiontv.ch\/de_DE\/wp-json\/wp\/v2\/media?parent=569"}],"wp:term":[{"taxonomy":"category","embeddable":true,"href":"https:\/\/swissfashiontv.ch\/de_DE\/wp-json\/wp\/v2\/categories?post=569"},{"taxonomy":"post_tag","embeddable":true,"href":"https:\/\/swissfashiontv.ch\/de_DE\/wp-json\/wp\/v2\/tags?post=569"}],"curies":[{"name":"wp","href":"https:\/\/api.w.org\/{rel}","templated":true}]}}