{"id":783,"date":"2015-05-28T16:29:13","date_gmt":"2015-05-28T16:29:13","guid":{"rendered":"https:\/\/swissfashiontv.ch\/?p=783"},"modified":"2015-06-15T15:25:13","modified_gmt":"2015-06-15T15:25:13","slug":"fiorenza-rivera-la-stilista-fur-free","status":"publish","type":"post","link":"https:\/\/swissfashiontv.ch\/de_DE\/fiorenza-rivera-la-stilista-fur-free\/","title":{"rendered":"Designerin f\u00fcr pelzfreie Mode"},"content":{"rendered":"<p>Was geschieht, wenn eine junge, sensible Designerin sich dazu entscheidet, ihren Missmut \u00fcber das T\u00f6ten von Robben zum Ausdruck zu bringen?\u00a0Die Antwort kann nur sein\u2026 \u201cT\u00f6te mich\u201d, eine provozierende Kollektion, die Grausamkeit und das Leid, das der Mensch, oje!, kostenlos, gegen die Tiere einsetzt, nur um Etwas anzuziehen, das \u201eexklusiv und ungew\u00f6hnlich\u201c ist. Eine Kollektion, die eine Huldigung f\u00fcr die kleinen Robben sein will, die j\u00e4hrlich, wegen ihres Fells, ohne Skrupel abgeschlachtet werden.<\/p>\n<p><a href=\"https:\/\/swissfashiontv.ch\/wp-content\/uploads\/2015\/05\/photo-simonetraversariph.com-22.jpg\"><img decoding=\"async\" loading=\"lazy\" class=\" size-medium wp-image-785 alignleft\" src=\"https:\/\/swissfashiontv.ch\/wp-content\/uploads\/2015\/05\/photo-simonetraversariph.com-22-200x300.jpg\" alt=\"photo-simonetraversariph.com-2\" width=\"200\" height=\"300\" srcset=\"https:\/\/swissfashiontv.ch\/wp-content\/uploads\/2015\/05\/photo-simonetraversariph.com-22-200x300.jpg 200w, https:\/\/swissfashiontv.ch\/wp-content\/uploads\/2015\/05\/photo-simonetraversariph.com-22-682x1024.jpg 682w, https:\/\/swissfashiontv.ch\/wp-content\/uploads\/2015\/05\/photo-simonetraversariph.com-22.jpg 1181w\" sizes=\"(max-width: 200px) 100vw, 200px\" \/><\/a> <a href=\"https:\/\/swissfashiontv.ch\/wp-content\/uploads\/2015\/05\/photo-simonetraversariph.com-8.jpg\"><img decoding=\"async\" loading=\"lazy\" class=\" size-medium wp-image-786 alignright\" src=\"https:\/\/swissfashiontv.ch\/wp-content\/uploads\/2015\/05\/photo-simonetraversariph.com-8-200x300.jpg\" alt=\"photo-simonetraversariph.com-8\" width=\"200\" height=\"300\" srcset=\"https:\/\/swissfashiontv.ch\/wp-content\/uploads\/2015\/05\/photo-simonetraversariph.com-8-200x300.jpg 200w, https:\/\/swissfashiontv.ch\/wp-content\/uploads\/2015\/05\/photo-simonetraversariph.com-8-683x1024.jpg 683w, https:\/\/swissfashiontv.ch\/wp-content\/uploads\/2015\/05\/photo-simonetraversariph.com-8.jpg 1181w\" sizes=\"(max-width: 200px) 100vw, 200px\" \/><\/a> <a href=\"https:\/\/swissfashiontv.ch\/wp-content\/uploads\/2015\/05\/photo-simonetraversariph.com-102.jpg\"><img decoding=\"async\" loading=\"lazy\" class=\"aligncenter size-medium wp-image-787\" src=\"https:\/\/swissfashiontv.ch\/wp-content\/uploads\/2015\/05\/photo-simonetraversariph.com-102-200x300.jpg\" alt=\"photo-simonetraversariph.com-10\" width=\"200\" height=\"300\" srcset=\"https:\/\/swissfashiontv.ch\/wp-content\/uploads\/2015\/05\/photo-simonetraversariph.com-102-200x300.jpg 200w, https:\/\/swissfashiontv.ch\/wp-content\/uploads\/2015\/05\/photo-simonetraversariph.com-102-683x1024.jpg 683w, https:\/\/swissfashiontv.ch\/wp-content\/uploads\/2015\/05\/photo-simonetraversariph.com-102.jpg 1181w\" sizes=\"(max-width: 200px) 100vw, 200px\" \/><\/a><\/p>\n<p>&nbsp;<\/p>\n<p>Aber wie ist der Werdegang dieser jungen Designerin?\u00a0Aufgewachsen in einer Familie, in der die Kunst in vielf\u00e4ltiger Form pr\u00e4sent war, sich schon als kleines M\u00e4dchen mit der Gestaltung von Stoffen besch\u00e4ftigte, war ihr schon sehr fr\u00fch bewusst, dass sie ihre Kenntnisse in diesem Bereich erweitern wollte, und nach dem Studium an der SAMS in Viganello zog sie nach Mailand, um einen Kurs in Design beim Institut Marangoni zu besuchen.<\/p>\n<p>Viel Gl\u00fcck Fiorenza.<\/p>\n<p><a href=\"https:\/\/swissfashiontv.ch\/wp-content\/uploads\/2015\/05\/457427_429683443723277_427431503_o.jpg\"><img decoding=\"async\" loading=\"lazy\" class=\"aligncenter wp-image-791 size-large\" src=\"https:\/\/swissfashiontv.ch\/wp-content\/uploads\/2015\/05\/457427_429683443723277_427431503_o-1024x640.jpg\" alt=\"457427_429683443723277_427431503_o\" width=\"1024\" height=\"640\" srcset=\"https:\/\/swissfashiontv.ch\/wp-content\/uploads\/2015\/05\/457427_429683443723277_427431503_o-1024x640.jpg 1024w, https:\/\/swissfashiontv.ch\/wp-content\/uploads\/2015\/05\/457427_429683443723277_427431503_o-300x187.jpg 300w, https:\/\/swissfashiontv.ch\/wp-content\/uploads\/2015\/05\/457427_429683443723277_427431503_o.jpg 1890w\" sizes=\"(max-width: 1024px) 100vw, 1024px\" \/><\/a> <a href=\"https:\/\/swissfashiontv.ch\/wp-content\/uploads\/2015\/05\/475398_429683367056618_1225866698_o.jpg\"><img decoding=\"async\" loading=\"lazy\" class=\"aligncenter wp-image-790 size-large\" src=\"https:\/\/swissfashiontv.ch\/wp-content\/uploads\/2015\/05\/475398_429683367056618_1225866698_o-1024x640.jpg\" alt=\"475398_429683367056618_1225866698_o\" width=\"1024\" height=\"640\" srcset=\"https:\/\/swissfashiontv.ch\/wp-content\/uploads\/2015\/05\/475398_429683367056618_1225866698_o-1024x640.jpg 1024w, https:\/\/swissfashiontv.ch\/wp-content\/uploads\/2015\/05\/475398_429683367056618_1225866698_o-300x187.jpg 300w, https:\/\/swissfashiontv.ch\/wp-content\/uploads\/2015\/05\/475398_429683367056618_1225866698_o.jpg 1890w\" sizes=\"(max-width: 1024px) 100vw, 1024px\" \/><\/a><\/p>\n<p>&nbsp;<\/p>\n<p><strong><u>Einige Fragen an die Stilistin um sie besser kennenzulernen<\/u><\/strong><\/p>\n<p><strong><em>Welche Qualit\u00e4ten muss ein Designer besitzen um aufzusteigen?<\/em>\u00a0<\/strong>Ein grosses Talent und Liebe zur Mode, was nicht gleichbedeutend mit gutem Zeichnen oder Tragen von Marken ist, sondern einen Schritt mehr, einen Schritt vor den Anderen zu sein und vor den Anderen zu wissen, was f\u00fcr die\u00a0 kommende Saison angesagt ist, welche Farben und Schnitte zu verwenden sind.<\/p>\n<p><em><strong>Beschreibe mit drei W\u00f6rtern deinen Stil\u00a0<\/strong><\/em>Einzigartig, eigenwillig und ungew\u00f6hnlich<\/p>\n<p><em><strong>Hat eine bekannte Stilistin oder ein Stilist deinen Stil beeinflusst? Woher nimmst du die Anregungen f\u00fcr deine Kreationen? \u00a0<\/strong><\/em>Mein Stil ist sehr pers\u00f6nlich und entsprechen meinem Gem\u00fctszustand. Ich lasse mich von dem, das mich umgibt und mir schon lange am Herzen liegt, beeinflussen. Manchmal kommt die Anregung von der Natur , der Architektur, von einem Bild oder auch durch eine einfache Situation.<\/p>\n<p><em><strong>Welchen Einfluss hat deine Herkunft und die Kultur auf deinen Stil?\u00a0<\/strong><\/em>Dank meiner vielen Reisen konnte ich mich mit verschiedenen Kulturen auseinandersetzen, die meinen Horizont erweitert haben\u2026. Aber ich bin immer Schweizerin und sehr mit meiner Heimat verbunden. F\u00fcr verschiedene Gelegenheiten habe ich Kleider, mit denen ich mein Heimatland hervorheben konnte, entworfen.<\/p>\n<p><a href=\"https:\/\/swissfashiontv.ch\/wp-content\/uploads\/2015\/05\/GetAttachment.aspx_.jpeg\"><img decoding=\"async\" loading=\"lazy\" class=\"alignleft wp-image-793 size-full\" src=\"https:\/\/swissfashiontv.ch\/wp-content\/uploads\/2015\/05\/GetAttachment.aspx_.jpeg\" alt=\"GetAttachment.aspx\" width=\"319\" height=\"480\" srcset=\"https:\/\/swissfashiontv.ch\/wp-content\/uploads\/2015\/05\/GetAttachment.aspx_.jpeg 319w, https:\/\/swissfashiontv.ch\/wp-content\/uploads\/2015\/05\/GetAttachment.aspx_-199x300.jpeg 199w\" sizes=\"(max-width: 319px) 100vw, 319px\" \/><\/a> <a href=\"https:\/\/swissfashiontv.ch\/wp-content\/uploads\/2015\/05\/luca_patrone_lego_wars_015.jpg\"><img decoding=\"async\" loading=\"lazy\" class=\"aligncenter wp-image-795 size-full\" src=\"https:\/\/swissfashiontv.ch\/wp-content\/uploads\/2015\/05\/luca_patrone_lego_wars_015.jpg\" alt=\"luca_patrone_lego_wars_015\" width=\"945\" height=\"700\" srcset=\"https:\/\/swissfashiontv.ch\/wp-content\/uploads\/2015\/05\/luca_patrone_lego_wars_015.jpg 945w, https:\/\/swissfashiontv.ch\/wp-content\/uploads\/2015\/05\/luca_patrone_lego_wars_015-300x222.jpg 300w, https:\/\/swissfashiontv.ch\/wp-content\/uploads\/2015\/05\/luca_patrone_lego_wars_015-160x120.jpg 160w\" sizes=\"(max-width: 945px) 100vw, 945px\" \/><\/a> <a href=\"https:\/\/swissfashiontv.ch\/wp-content\/uploads\/2015\/05\/Immagine-11.png\"><img decoding=\"async\" loading=\"lazy\" class=\"aligncenter wp-image-796 size-full\" src=\"https:\/\/swissfashiontv.ch\/wp-content\/uploads\/2015\/05\/Immagine-11.png\" alt=\"Immagine 1[1]\" width=\"772\" height=\"526\" srcset=\"https:\/\/swissfashiontv.ch\/wp-content\/uploads\/2015\/05\/Immagine-11.png 772w, https:\/\/swissfashiontv.ch\/wp-content\/uploads\/2015\/05\/Immagine-11-300x204.png 300w\" sizes=\"(max-width: 772px) 100vw, 772px\" \/><\/a><\/p>\n<p>&nbsp;<\/p>\n<p><em><strong>Welches Kleidungsst\u00fcck und Accessoire sollte eine Frau oder Mann im Kleiderschrank haben?<\/strong><\/em>Es ist schwierig sich nur auf ein St\u00fcck zu beschr\u00e4nken \u2026. aber zweifelsohne darf im Schrank einer\u00a0Frau ein sch\u00f6nes, schwarzes, enganliegendes Kleid mit dreiviertellangen \u00c4rmeln, das man mit Allem kombinieren kann, nicht fehlen.<\/p>\n<p><em><strong>Welchen Rat kannst du den Jungen, die diesen Beruf ergreifen wollen, geben?\u00a0<\/strong><\/em>Erfinderisch sein, beobachten<\/p>\n<p><em><strong>Musstest du schon einmal Kompromisse eingehen? Wenn ja, welche?\u00a0<\/strong><\/em>Wenn man f\u00fcr Dritte arbeitet kann man nicht nur nach dem eigenen Kopf arbeiten. Man muss die Charakteristiken der Marke, f\u00fcr die man arbeitet, hervorheben und sie logisch weiterverfolgen. Das ist nicht immer einfach. Man m\u00f6chte Alles umkrempeln, aber leider wird einem nicht immer die M\u00f6glichkeit dazu gegeben.<\/p>\n<p><em><strong>Wir konnten deine Kreationen w\u00e4hrend der \u201cCampione\u00a0 Fashion Week\u201c, von der Nationalen Kammer der Schweizer Mode organisiert, bewundern. Deine Meinung zu dem Abend?\u00a0<\/strong><\/em>Ein wundersch\u00f6ner Abend, angereichert durch international bekannte Stilisten und mit einer perfekten Organisation seitens der Nationalen Kammer der Schweizer Mode.<\/p>\n<p>&nbsp;<\/p>\n<p>Fashion Editor: Cristina Mutterle<br \/>\nUbersetzung von Lingue &amp; Piu&#8217;: www.lingueepiu.ch<br \/>\nPhoto Credits: Simone Traversari for CNMS<\/p>\n<p>&nbsp;<\/p>\n","protected":false},"excerpt":{"rendered":"<p>Was geschieht, wenn eine junge, sensible Designerin sich dazu entscheidet, ihren Missmut \u00fcber das T\u00f6ten von Robben zum Ausdruck zu bringen?\u00a0Die Antwort kann nur sein\u2026 \u201cT\u00f6te mich\u201d, eine provozierende Kollektion, die Grausamkeit und das Leid, das der M&#8230;<\/p>\n","protected":false},"author":3,"featured_media":789,"comment_status":"open","ping_status":"open","sticky":false,"template":"","format":"standard","meta":{"footnotes":""},"categories":[14],"tags":[11,10,120],"_links":{"self":[{"href":"https:\/\/swissfashiontv.ch\/de_DE\/wp-json\/wp\/v2\/posts\/783"}],"collection":[{"href":"https:\/\/swissfashiontv.ch\/de_DE\/wp-json\/wp\/v2\/posts"}],"about":[{"href":"https:\/\/swissfashiontv.ch\/de_DE\/wp-json\/wp\/v2\/types\/post"}],"author":[{"embeddable":true,"href":"https:\/\/swissfashiontv.ch\/de_DE\/wp-json\/wp\/v2\/users\/3"}],"replies":[{"embeddable":true,"href":"https:\/\/swissfashiontv.ch\/de_DE\/wp-json\/wp\/v2\/comments?post=783"}],"version-history":[{"count":12,"href":"https:\/\/swissfashiontv.ch\/de_DE\/wp-json\/wp\/v2\/posts\/783\/revisions"}],"predecessor-version":[{"id":833,"href":"https:\/\/swissfashiontv.ch\/de_DE\/wp-json\/wp\/v2\/posts\/783\/revisions\/833"}],"wp:featuredmedia":[{"embeddable":true,"href":"https:\/\/swissfashiontv.ch\/de_DE\/wp-json\/wp\/v2\/media\/789"}],"wp:attachment":[{"href":"https:\/\/swissfashiontv.ch\/de_DE\/wp-json\/wp\/v2\/media?parent=783"}],"wp:term":[{"taxonomy":"category","embeddable":true,"href":"https:\/\/swissfashiontv.ch\/de_DE\/wp-json\/wp\/v2\/categories?post=783"},{"taxonomy":"post_tag","embeddable":true,"href":"https:\/\/swissfashiontv.ch\/de_DE\/wp-json\/wp\/v2\/tags?post=783"}],"curies":[{"name":"wp","href":"https:\/\/api.w.org\/{rel}","templated":true}]}}